{"id":5199,"date":"2021-12-09T17:50:23","date_gmt":"2021-12-09T16:50:23","guid":{"rendered":"https:\/\/blog.syndicyourself.be\/actualites\/fin-des-chaudieres-a-mazout-en-2022-flandre\/"},"modified":"2025-02-21T07:29:42","modified_gmt":"2025-02-21T06:29:42","slug":"fin-des-chaudieres-a-mazout-en-2022-flandre","status":"publish","type":"post","link":"https:\/\/blog.syndicyourself.be\/fr\/actualites\/fin-des-chaudieres-a-mazout-en-2022-flandre\/","title":{"rendered":"Fin des chaudi\u00e8res \u00e0 mazout \u00e0 partir de 2022 en Flandre"},"content":{"rendered":"<p style=\"text-align: justify\">Une mesure radicale pour acc\u00e9l\u00e9rer la transition \u00e9nerg\u00e9tique en Flandre vient d\u2019\u00eatre prise\u00a0: <strong>interdire les chaudi\u00e8res \u00e0 mazout dans les nouvelles constructions d\u00e8s 2022 <\/strong>et s\u2019affranchir totalement des \u00e9nergies fossiles \u00e0 l\u2019horizon\u00a02023. Projet ambitieux ou utopie, Syndic Yourself analyse pour vous la situation.<\/p>\n<p><!--more--><\/p>\n<div style=\"max-width: 100%;width: 100%;margin-left: auto;margin-right: auto\" data-hs-responsive-table=\"true\">\n<table style=\"width: 100%;border-collapse: collapse;border: 1px solid #99acc2\">\n<tbody>\n<tr>\n<td style=\"width: 100%;padding: 4px;border: 1px solid #5C73F2\">\n<h2 style=\"font-weight: normal\"><span style=\"font-size: 30px;color: #230a59\">Sommaire<\/span><\/h2>\n<p style=\"text-align: justify\"><a href=\"#H2.1\" rel=\"noopener\"><strong>Quels logements sont concern\u00e9s par l\u2019interdiction d\u2019installer une chaudi\u00e8re \u00e0 mazout ?<\/strong><\/a><\/p>\n<p style=\"text-align: justify\"><a href=\"#H2.2\" rel=\"noopener\"><strong>Quels risques sont encourus en cas de non-respect de la restriction ?<\/strong><\/a><\/p>\n<p style=\"text-align: justify\"><strong><a href=\"#H2.3\" rel=\"noopener\">La Flandre veut aller encore plus loin en mati\u00e8re d\u2019\u00e9nergie<\/a><u><br \/>\n<\/u><\/strong><\/p>\n<p style=\"text-align: justify;font-size: 18px;font-weight: bold;padding-left: 40px\"><a href=\"#H3.3.1\" rel=\"noopener\">Des mesures pour r\u00e9duire la d\u00e9pendance aux \u00e9nergies fossiles<\/a><\/p>\n<p style=\"text-align: justify;font-weight: bold;padding-left: 40px\"><a href=\"#H3.3.2\" rel=\"noopener\"><span style=\"color: #444444;font-size: 18px\">Des solutions de chauffage plus vertes dans un futur proche<\/span><\/a><\/p>\n<\/td>\n<\/tr>\n<\/tbody>\n<\/table>\n<\/div>\n<p>&nbsp;<\/p>\n<h2 style=\"text-align: justify;font-size: 30px\"><span style=\"color: #230a59\"><strong>Quels logements sont concern\u00e9s par l\u2019interdiction d\u2019installer une chaudi\u00e8re \u00e0 mazout ?<\/strong><\/span><\/h2>\n<p style=\"text-align: justify\">\u00c0 partir du 1<sup>er<\/sup>\u00a0janvier 2022, <strong>installer une chaudi\u00e8re \u00e0 mazout dans un logement neuf ou dans le cadre d\u2019une r\u00e9novation \u00e9nerg\u00e9tique importante sera interdit<\/strong>.<\/p>\n<p style=\"text-align: justify\">Le d\u00e9cret modifiant l\u2019arr\u00eat\u00e9 sur l\u2019\u00c9nergie du 20\u00a0octobre 2021 pr\u00e9cise que cela concerne\u00a0:<\/p>\n<ul>\n<li style=\"text-align: justify\">Les logements neufs dont le permis de b\u00e2tir sera d\u00e9pos\u00e9 apr\u00e8s le 1<sup>er <\/sup>janvier 2022<\/li>\n<li style=\"text-align: justify\">Les logements anciens o\u00f9 une possibilit\u00e9 de raccordement au gaz naturel existe<\/li>\n<\/ul>\n<p style=\"text-align: justify\">Les projets en cours pour lesquels une chaudi\u00e8re \u00e0 mazout est pr\u00e9vue devront <strong>s\u2019attendre \u00e0 des r\u00e8gles strictes et contraignantes par rapport au choix des mod\u00e8les de chaudi\u00e8res \u00e0 mazout neuves<\/strong> !<\/p>\n<p style=\"text-align: justify\">Les chaudi\u00e8res \u00e0 mazout existantes en \u00e9tat de fonctionnement pourront \u00eatre conserv\u00e9es en l\u2019\u00e9tat. Si vous devez r\u00e9aliser des r\u00e9parations mineures, comme le changement d\u2019un br\u00fbleur ou d\u2019un r\u00e9gulateur, ces travaux seront toujours autoris\u00e9s. Toutefois, <strong>il devient urgent de r\u00e9fl\u00e9chir \u00e0 une solution de remplacement<\/strong>, car si le corps de chauffe n\u00e9cessite le changement complet de la chaudi\u00e8re, vous devrez trouver un autre type de combustible.<\/p>\n<p style=\"text-align: justify\">En l\u2019absence de possibilit\u00e9s de raccordement au gaz naturel, <strong>des chaudi\u00e8res \u00e0 mazout seront encore commercialis\u00e9es jusqu\u2019en 2035<\/strong>.<\/p>\n<p>&nbsp;<\/p>\n<h2 style=\"text-align: justify;font-size: 30px\"><span style=\"color: #230a59\"><strong>Quels risques sont encourus en cas de non-respect de la restriction ?<br \/>\n<\/strong><\/span><\/h2>\n<p style=\"text-align: justify\">Le d\u00e9cret a tout pour \u00eatre dissuasif. En effet, les constructeurs, installateurs et propri\u00e9taires qui souhaiteraient contourner cette mesure <strong>s\u2019exposent \u00e0 une amende administrative de 3 000\u00a0euros<\/strong>. Dans le cas d\u2019une copropri\u00e9t\u00e9, cette derni\u00e8re sera <strong>major\u00e9e de 2 000\u00a0euros par logement<\/strong>.<\/p>\n<p style=\"text-align: justify\">Vous vous demandez peut-\u00eatre comment le gouvernement pourra concr\u00e8tement obtenir ces informations. <strong>La cr\u00e9ation d\u2019une banque de donn\u00e9es reprenant le dispositif de chauffe de tous les logements en Flandre est pr\u00e9vue<\/strong>.<\/p>\n<p>&nbsp;<\/p>\n<h2 style=\"text-align: justify;font-size: 30px\"><span style=\"color: #230a59\"><strong>La Flandre veut aller encore plus loin en mati\u00e8re d\u2019\u00e9nergie<\/strong><\/span><\/h2>\n<p>&nbsp;<\/p>\n<h3 style=\"text-align: justify;font-size: 24px;padding-left: 40px\"><span style=\"color: #230a59\"><strong>Des mesures pour r\u00e9duire la d\u00e9pendance aux \u00e9nergies fossiles<\/strong><\/span><\/h3>\n<p style=\"text-align: justify\">En 2017, <strong>84\u00a0% des besoins en chauffage \u00e9taient couverts par l\u2019utilisation de mazout et de gaz<\/strong>. Cette d\u00e9pendance aux \u00e9nergies fossiles ne satisfait plus le parti des lib\u00e9raux flamands.<\/p>\n<p style=\"text-align: justify\">Tandis que les professionnels du secteur et les installateurs de chauffage s\u2019insurgent contre cette mesure soudaine pour laquelle ils n\u2019ont pas \u00e9t\u00e9 consult\u00e9s, l\u2019Open VLD propose d\u2019aller encore plus loin \u00e0 l\u2019avenir.<\/p>\n<p style=\"text-align: justify\"><strong>L\u2019installation d\u2019un syst\u00e8me de chauffage fonctionnant aux \u00e9nergies fossiles dans les nouveaux b\u00e2timents sera interdite d\u00e8s 2023<\/strong>. Les projets de constructions de maisons ou r\u00e9sidences neuves seront chauff\u00e9s \u00e0 l\u2019\u00e9lectricit\u00e9 ou au bois. \u00c0 ce titre, les pompes \u00e0 chaleur repr\u00e9sentent des dispositifs pris\u00e9s depuis plusieurs ann\u00e9e. La tendance devrait s\u2019intensifier.<\/p>\n<p>&nbsp;<\/p>\n<h3 style=\"text-align: justify;font-size: 24px;padding-left: 40px\"><span style=\"color: #230a59\"><strong>Des solutions de chauffage plus vertes dans un futur proche<\/strong><\/span><\/h3>\n<p style=\"text-align: justify\">Le surco\u00fbt li\u00e9 \u00e0 l\u2019installation d\u2019un syst\u00e8me de chauffe plus \u00e9cologique devrait rapidement \u00eatre <strong>contrebalanc\u00e9 par l\u2019augmentation constante du prix du gaz<\/strong> et la fin des subventions dans le cas d\u2019un raccordement aux \u00e9nergies fossiles.<\/p>\n<p style=\"text-align: justify\">Le gouvernement flamand mise sur <strong>l\u2019installation de 12,6\u00a0millions de panneaux solaires sur les dix prochaines ann\u00e9es<\/strong> pour verdir les m\u00e9thodes de chauffe en Flandre, soit deux panneaux par habitant.<\/p>\n<p style=\"text-align: justify\">Parmi les projets d\u2019avenir, on retrouve \u00e9galement le raccordement au chauffage urbain via les r\u00e9seaux de chaleur. Il devrait contribuer \u00e0 <strong>amorcer un tournant crucial pour la r\u00e9duction des \u00e9missions de gaz \u00e0 effet de serre dans le logement en Flandre<\/strong>.<\/p>\n<p style=\"text-align: justify\">{{cta(&lsquo;5b06037e-6169-46bf-8b96-486a83b2bb60&rsquo;)}}<\/p>\n<p><img decoding=\"async\" style=\"width: 353px;float: left;margin: 0px 20px 0px 0px\" src=\"https:\/\/blog.syndicyourself.be\/wp-content\/uploads\/sites\/3\/2022\/11\/shutterstock_1758482075.png\" alt=\"shutterstock_1758482075\" width=\"353\" \/><\/p>\n<hr \/>\n<p style=\"text-align: justify\">Parmi les projets d\u2019avenir, on retrouve \u00e9galement le raccordement au chauffage urbain via les r\u00e9seaux de chaleur. Il devrait contribuer \u00e0 <strong>amorcer un tournant crucial pour la r\u00e9duction des \u00e9missions de gaz \u00e0 effet de serre dans le logement en Flandre<\/strong>.<\/p>\n<p style=\"text-align: justify\">Le plan climat flamand est ambitieux et devrait \u00eatre finalis\u00e9 \u00e0 la suite de la COP26 de Glasgow. Affaire \u00e0 suivre.<\/p>\n","protected":false},"excerpt":{"rendered":"<p>La fin des chaudi\u00e8res \u00e0 mazout est pr\u00e9vue pour 2022 en Flandre. Syndic Yourself vous informe sur cet ambitieux projet qui souhaite acc\u00e9l\u00e9rer la transition \u00e9nerg\u00e9tique de la r\u00e9gion.<\/p>\n","protected":false},"author":1,"featured_media":5568,"comment_status":"closed","ping_status":"open","sticky":false,"template":"","format":"standard","meta":{"_acf_changed":false,"footnotes":""},"categories":[52],"tags":[57],"class_list":["post-5199","post","type-post","status-publish","format-standard","has-post-thumbnail","hentry","category-actualites","tag-news"],"acf":[],"yoast_head":"<!-- This site is optimized with the Yoast SEO plugin v27.4 - https:\/\/yoast.com\/product\/yoast-seo-wordpress\/ -->\n<title>Flandre : vers la fin des chaudi\u00e8res \u00e0 mazout en 2022<\/title>\n<meta name=\"description\" content=\"La fin des chaudi\u00e8res \u00e0 mazout est pr\u00e9vue pour 2022 en Flandre. Syndic Yourself vous informe sur cet ambitieux projet\" \/>\n<meta name=\"robots\" content=\"index, follow, max-snippet:-1, max-image-preview:large, max-video-preview:-1\" \/>\n<link rel=\"canonical\" href=\"https:\/\/blog.syndicyourself.be\/fr\/actualites\/fin-des-chaudieres-a-mazout-en-2022-flandre\/\" \/>\n<meta property=\"og:locale\" content=\"fr_FR\" \/>\n<meta property=\"og:type\" content=\"article\" \/>\n<meta property=\"og:title\" content=\"Flandre : vers la fin des chaudi\u00e8res \u00e0 mazout en 2022\" \/>\n<meta property=\"og:description\" content=\"La fin des chaudi\u00e8res \u00e0 mazout est pr\u00e9vue pour 2022 en Flandre. Syndic Yourself vous informe sur cet ambitieux projet\" \/>\n<meta property=\"og:url\" content=\"https:\/\/blog.syndicyourself.be\/fr\/actualites\/fin-des-chaudieres-a-mazout-en-2022-flandre\/\" \/>\n<meta property=\"og:site_name\" content=\"Blog Syndic Yourself\" \/>\n<meta property=\"article:published_time\" content=\"2021-12-09T16:50:23+00:00\" \/>\n<meta property=\"article:modified_time\" content=\"2025-02-21T06:29:42+00:00\" \/>\n<meta property=\"og:image\" content=\"https:\/\/blog.syndicyourself.be\/wp-content\/uploads\/sites\/3\/2021\/12\/fin-chaudieres-a-mazout-en-2022-en-flandre.jpg\" \/>\n\t<meta property=\"og:image:width\" content=\"1200\" \/>\n\t<meta property=\"og:image:height\" content=\"800\" \/>\n\t<meta property=\"og:image:type\" content=\"image\/jpeg\" \/>\n<meta name=\"author\" content=\"cecilehabran\" \/>\n<meta name=\"twitter:card\" content=\"summary_large_image\" \/>\n<meta name=\"twitter:label1\" content=\"\u00c9crit par\" \/>\n\t<meta name=\"twitter:data1\" content=\"cecilehabran\" \/>\n\t<meta name=\"twitter:label2\" content=\"Dur\u00e9e de lecture est.\" \/>\n\t<meta name=\"twitter:data2\" content=\"4 minutes\" \/>\n<script type=\"application\/ld+json\" class=\"yoast-schema-graph\">{\"@context\":\"https:\\\/\\\/schema.org\",\"@graph\":[{\"@type\":\"Article\",\"@id\":\"https:\\\/\\\/blog.syndicyourself.be\\\/fr\\\/actualites\\\/fin-des-chaudieres-a-mazout-en-2022-flandre\\\/#article\",\"isPartOf\":{\"@id\":\"https:\\\/\\\/blog.syndicyourself.be\\\/fr\\\/actualites\\\/fin-des-chaudieres-a-mazout-en-2022-flandre\\\/\"},\"author\":{\"name\":\"cecilehabran\",\"@id\":\"https:\\\/\\\/blog.syndicyourself.be\\\/fr\\\/#\\\/schema\\\/person\\\/832bcb6ca9adfbd8c62e8c85cff7ecb7\"},\"headline\":\"Fin des chaudi\u00e8res \u00e0 mazout \u00e0 partir de 2022 en Flandre\",\"datePublished\":\"2021-12-09T16:50:23+00:00\",\"dateModified\":\"2025-02-21T06:29:42+00:00\",\"mainEntityOfPage\":{\"@id\":\"https:\\\/\\\/blog.syndicyourself.be\\\/fr\\\/actualites\\\/fin-des-chaudieres-a-mazout-en-2022-flandre\\\/\"},\"wordCount\":777,\"image\":{\"@id\":\"https:\\\/\\\/blog.syndicyourself.be\\\/fr\\\/actualites\\\/fin-des-chaudieres-a-mazout-en-2022-flandre\\\/#primaryimage\"},\"thumbnailUrl\":\"https:\\\/\\\/blog.syndicyourself.be\\\/wp-content\\\/uploads\\\/sites\\\/3\\\/2021\\\/12\\\/fin-chaudieres-a-mazout-en-2022-en-flandre.jpg\",\"keywords\":[\"News\"],\"articleSection\":[\"Actualit\u00e9s\"],\"inLanguage\":\"fr-BE\"},{\"@type\":\"WebPage\",\"@id\":\"https:\\\/\\\/blog.syndicyourself.be\\\/fr\\\/actualites\\\/fin-des-chaudieres-a-mazout-en-2022-flandre\\\/\",\"url\":\"https:\\\/\\\/blog.syndicyourself.be\\\/fr\\\/actualites\\\/fin-des-chaudieres-a-mazout-en-2022-flandre\\\/\",\"name\":\"Flandre : vers la fin des chaudi\u00e8res \u00e0 mazout en 2022\",\"isPartOf\":{\"@id\":\"https:\\\/\\\/blog.syndicyourself.be\\\/fr\\\/#website\"},\"primaryImageOfPage\":{\"@id\":\"https:\\\/\\\/blog.syndicyourself.be\\\/fr\\\/actualites\\\/fin-des-chaudieres-a-mazout-en-2022-flandre\\\/#primaryimage\"},\"image\":{\"@id\":\"https:\\\/\\\/blog.syndicyourself.be\\\/fr\\\/actualites\\\/fin-des-chaudieres-a-mazout-en-2022-flandre\\\/#primaryimage\"},\"thumbnailUrl\":\"https:\\\/\\\/blog.syndicyourself.be\\\/wp-content\\\/uploads\\\/sites\\\/3\\\/2021\\\/12\\\/fin-chaudieres-a-mazout-en-2022-en-flandre.jpg\",\"datePublished\":\"2021-12-09T16:50:23+00:00\",\"dateModified\":\"2025-02-21T06:29:42+00:00\",\"author\":{\"@id\":\"https:\\\/\\\/blog.syndicyourself.be\\\/fr\\\/#\\\/schema\\\/person\\\/832bcb6ca9adfbd8c62e8c85cff7ecb7\"},\"description\":\"La fin des chaudi\u00e8res \u00e0 mazout est pr\u00e9vue pour 2022 en Flandre. Syndic Yourself vous informe sur cet ambitieux projet\",\"breadcrumb\":{\"@id\":\"https:\\\/\\\/blog.syndicyourself.be\\\/fr\\\/actualites\\\/fin-des-chaudieres-a-mazout-en-2022-flandre\\\/#breadcrumb\"},\"inLanguage\":\"fr-BE\",\"potentialAction\":[{\"@type\":\"ReadAction\",\"target\":[\"https:\\\/\\\/blog.syndicyourself.be\\\/fr\\\/actualites\\\/fin-des-chaudieres-a-mazout-en-2022-flandre\\\/\"]}]},{\"@type\":\"ImageObject\",\"inLanguage\":\"fr-BE\",\"@id\":\"https:\\\/\\\/blog.syndicyourself.be\\\/fr\\\/actualites\\\/fin-des-chaudieres-a-mazout-en-2022-flandre\\\/#primaryimage\",\"url\":\"https:\\\/\\\/blog.syndicyourself.be\\\/wp-content\\\/uploads\\\/sites\\\/3\\\/2021\\\/12\\\/fin-chaudieres-a-mazout-en-2022-en-flandre.jpg\",\"contentUrl\":\"https:\\\/\\\/blog.syndicyourself.be\\\/wp-content\\\/uploads\\\/sites\\\/3\\\/2021\\\/12\\\/fin-chaudieres-a-mazout-en-2022-en-flandre.jpg\",\"width\":1200,\"height\":800,\"caption\":\"Fin des chaudi\u00e8res \u00e0 mazout \u00e0 partir de 2022 en Flandre\"},{\"@type\":\"BreadcrumbList\",\"@id\":\"https:\\\/\\\/blog.syndicyourself.be\\\/fr\\\/actualites\\\/fin-des-chaudieres-a-mazout-en-2022-flandre\\\/#breadcrumb\",\"itemListElement\":[{\"@type\":\"ListItem\",\"position\":1,\"name\":\"Accueil\",\"item\":\"https:\\\/\\\/blog.syndicyourself.be\\\/fr\\\/\"},{\"@type\":\"ListItem\",\"position\":2,\"name\":\"Fin des chaudi\u00e8res \u00e0 mazout \u00e0 partir de 2022 en Flandre\"}]},{\"@type\":\"WebSite\",\"@id\":\"https:\\\/\\\/blog.syndicyourself.be\\\/fr\\\/#website\",\"url\":\"https:\\\/\\\/blog.syndicyourself.be\\\/fr\\\/\",\"name\":\"Blog Syndic Yourself\",\"description\":\"Tout savoir sur le monde de la copropri\u00e9t\u00e9\",\"potentialAction\":[{\"@type\":\"SearchAction\",\"target\":{\"@type\":\"EntryPoint\",\"urlTemplate\":\"https:\\\/\\\/blog.syndicyourself.be\\\/fr\\\/?s={search_term_string}\"},\"query-input\":{\"@type\":\"PropertyValueSpecification\",\"valueRequired\":true,\"valueName\":\"search_term_string\"}}],\"inLanguage\":\"fr-BE\"},{\"@type\":\"Person\",\"@id\":\"https:\\\/\\\/blog.syndicyourself.be\\\/fr\\\/#\\\/schema\\\/person\\\/832bcb6ca9adfbd8c62e8c85cff7ecb7\",\"name\":\"cecilehabran\",\"image\":{\"@type\":\"ImageObject\",\"inLanguage\":\"fr-BE\",\"@id\":\"https:\\\/\\\/secure.gravatar.com\\\/avatar\\\/186d8a5df78c0a357b104c2aefcca9dd3a3ca3a020f168cef58febbbe0e9f90f?s=96&d=mm&r=g\",\"url\":\"https:\\\/\\\/secure.gravatar.com\\\/avatar\\\/186d8a5df78c0a357b104c2aefcca9dd3a3ca3a020f168cef58febbbe0e9f90f?s=96&d=mm&r=g\",\"contentUrl\":\"https:\\\/\\\/secure.gravatar.com\\\/avatar\\\/186d8a5df78c0a357b104c2aefcca9dd3a3ca3a020f168cef58febbbe0e9f90f?s=96&d=mm&r=g\",\"caption\":\"cecilehabran\"},\"sameAs\":[\"https:\\\/\\\/syndicyourself.be\"]}]}<\/script>\n<!-- \/ Yoast SEO plugin. -->","yoast_head_json":{"title":"Flandre : vers la fin des chaudi\u00e8res \u00e0 mazout en 2022","description":"La fin des chaudi\u00e8res \u00e0 mazout est pr\u00e9vue pour 2022 en Flandre. Syndic Yourself vous informe sur cet ambitieux projet","robots":{"index":"index","follow":"follow","max-snippet":"max-snippet:-1","max-image-preview":"max-image-preview:large","max-video-preview":"max-video-preview:-1"},"canonical":"https:\/\/blog.syndicyourself.be\/fr\/actualites\/fin-des-chaudieres-a-mazout-en-2022-flandre\/","og_locale":"fr_FR","og_type":"article","og_title":"Flandre : vers la fin des chaudi\u00e8res \u00e0 mazout en 2022","og_description":"La fin des chaudi\u00e8res \u00e0 mazout est pr\u00e9vue pour 2022 en Flandre. Syndic Yourself vous informe sur cet ambitieux projet","og_url":"https:\/\/blog.syndicyourself.be\/fr\/actualites\/fin-des-chaudieres-a-mazout-en-2022-flandre\/","og_site_name":"Blog Syndic Yourself","article_published_time":"2021-12-09T16:50:23+00:00","article_modified_time":"2025-02-21T06:29:42+00:00","og_image":[{"width":1200,"height":800,"url":"https:\/\/blog.syndicyourself.be\/wp-content\/uploads\/sites\/3\/2021\/12\/fin-chaudieres-a-mazout-en-2022-en-flandre.jpg","type":"image\/jpeg"}],"author":"cecilehabran","twitter_card":"summary_large_image","twitter_misc":{"\u00c9crit par":"cecilehabran","Dur\u00e9e de lecture est.":"4 minutes"},"schema":{"@context":"https:\/\/schema.org","@graph":[{"@type":"Article","@id":"https:\/\/blog.syndicyourself.be\/fr\/actualites\/fin-des-chaudieres-a-mazout-en-2022-flandre\/#article","isPartOf":{"@id":"https:\/\/blog.syndicyourself.be\/fr\/actualites\/fin-des-chaudieres-a-mazout-en-2022-flandre\/"},"author":{"name":"cecilehabran","@id":"https:\/\/blog.syndicyourself.be\/fr\/#\/schema\/person\/832bcb6ca9adfbd8c62e8c85cff7ecb7"},"headline":"Fin des chaudi\u00e8res \u00e0 mazout \u00e0 partir de 2022 en Flandre","datePublished":"2021-12-09T16:50:23+00:00","dateModified":"2025-02-21T06:29:42+00:00","mainEntityOfPage":{"@id":"https:\/\/blog.syndicyourself.be\/fr\/actualites\/fin-des-chaudieres-a-mazout-en-2022-flandre\/"},"wordCount":777,"image":{"@id":"https:\/\/blog.syndicyourself.be\/fr\/actualites\/fin-des-chaudieres-a-mazout-en-2022-flandre\/#primaryimage"},"thumbnailUrl":"https:\/\/blog.syndicyourself.be\/wp-content\/uploads\/sites\/3\/2021\/12\/fin-chaudieres-a-mazout-en-2022-en-flandre.jpg","keywords":["News"],"articleSection":["Actualit\u00e9s"],"inLanguage":"fr-BE"},{"@type":"WebPage","@id":"https:\/\/blog.syndicyourself.be\/fr\/actualites\/fin-des-chaudieres-a-mazout-en-2022-flandre\/","url":"https:\/\/blog.syndicyourself.be\/fr\/actualites\/fin-des-chaudieres-a-mazout-en-2022-flandre\/","name":"Flandre : vers la fin des chaudi\u00e8res \u00e0 mazout en 2022","isPartOf":{"@id":"https:\/\/blog.syndicyourself.be\/fr\/#website"},"primaryImageOfPage":{"@id":"https:\/\/blog.syndicyourself.be\/fr\/actualites\/fin-des-chaudieres-a-mazout-en-2022-flandre\/#primaryimage"},"image":{"@id":"https:\/\/blog.syndicyourself.be\/fr\/actualites\/fin-des-chaudieres-a-mazout-en-2022-flandre\/#primaryimage"},"thumbnailUrl":"https:\/\/blog.syndicyourself.be\/wp-content\/uploads\/sites\/3\/2021\/12\/fin-chaudieres-a-mazout-en-2022-en-flandre.jpg","datePublished":"2021-12-09T16:50:23+00:00","dateModified":"2025-02-21T06:29:42+00:00","author":{"@id":"https:\/\/blog.syndicyourself.be\/fr\/#\/schema\/person\/832bcb6ca9adfbd8c62e8c85cff7ecb7"},"description":"La fin des chaudi\u00e8res \u00e0 mazout est pr\u00e9vue pour 2022 en Flandre. Syndic Yourself vous informe sur cet ambitieux projet","breadcrumb":{"@id":"https:\/\/blog.syndicyourself.be\/fr\/actualites\/fin-des-chaudieres-a-mazout-en-2022-flandre\/#breadcrumb"},"inLanguage":"fr-BE","potentialAction":[{"@type":"ReadAction","target":["https:\/\/blog.syndicyourself.be\/fr\/actualites\/fin-des-chaudieres-a-mazout-en-2022-flandre\/"]}]},{"@type":"ImageObject","inLanguage":"fr-BE","@id":"https:\/\/blog.syndicyourself.be\/fr\/actualites\/fin-des-chaudieres-a-mazout-en-2022-flandre\/#primaryimage","url":"https:\/\/blog.syndicyourself.be\/wp-content\/uploads\/sites\/3\/2021\/12\/fin-chaudieres-a-mazout-en-2022-en-flandre.jpg","contentUrl":"https:\/\/blog.syndicyourself.be\/wp-content\/uploads\/sites\/3\/2021\/12\/fin-chaudieres-a-mazout-en-2022-en-flandre.jpg","width":1200,"height":800,"caption":"Fin des chaudi\u00e8res \u00e0 mazout \u00e0 partir de 2022 en Flandre"},{"@type":"BreadcrumbList","@id":"https:\/\/blog.syndicyourself.be\/fr\/actualites\/fin-des-chaudieres-a-mazout-en-2022-flandre\/#breadcrumb","itemListElement":[{"@type":"ListItem","position":1,"name":"Accueil","item":"https:\/\/blog.syndicyourself.be\/fr\/"},{"@type":"ListItem","position":2,"name":"Fin des chaudi\u00e8res \u00e0 mazout \u00e0 partir de 2022 en Flandre"}]},{"@type":"WebSite","@id":"https:\/\/blog.syndicyourself.be\/fr\/#website","url":"https:\/\/blog.syndicyourself.be\/fr\/","name":"Blog Syndic Yourself","description":"Tout savoir sur le monde de la copropri\u00e9t\u00e9","potentialAction":[{"@type":"SearchAction","target":{"@type":"EntryPoint","urlTemplate":"https:\/\/blog.syndicyourself.be\/fr\/?s={search_term_string}"},"query-input":{"@type":"PropertyValueSpecification","valueRequired":true,"valueName":"search_term_string"}}],"inLanguage":"fr-BE"},{"@type":"Person","@id":"https:\/\/blog.syndicyourself.be\/fr\/#\/schema\/person\/832bcb6ca9adfbd8c62e8c85cff7ecb7","name":"cecilehabran","image":{"@type":"ImageObject","inLanguage":"fr-BE","@id":"https:\/\/secure.gravatar.com\/avatar\/186d8a5df78c0a357b104c2aefcca9dd3a3ca3a020f168cef58febbbe0e9f90f?s=96&d=mm&r=g","url":"https:\/\/secure.gravatar.com\/avatar\/186d8a5df78c0a357b104c2aefcca9dd3a3ca3a020f168cef58febbbe0e9f90f?s=96&d=mm&r=g","contentUrl":"https:\/\/secure.gravatar.com\/avatar\/186d8a5df78c0a357b104c2aefcca9dd3a3ca3a020f168cef58febbbe0e9f90f?s=96&d=mm&r=g","caption":"cecilehabran"},"sameAs":["https:\/\/syndicyourself.be"]}]}},"_links":{"self":[{"href":"https:\/\/blog.syndicyourself.be\/fr\/wp-json\/wp\/v2\/posts\/5199","targetHints":{"allow":["GET"]}}],"collection":[{"href":"https:\/\/blog.syndicyourself.be\/fr\/wp-json\/wp\/v2\/posts"}],"about":[{"href":"https:\/\/blog.syndicyourself.be\/fr\/wp-json\/wp\/v2\/types\/post"}],"author":[{"embeddable":true,"href":"https:\/\/blog.syndicyourself.be\/fr\/wp-json\/wp\/v2\/users\/1"}],"replies":[{"embeddable":true,"href":"https:\/\/blog.syndicyourself.be\/fr\/wp-json\/wp\/v2\/comments?post=5199"}],"version-history":[{"count":0,"href":"https:\/\/blog.syndicyourself.be\/fr\/wp-json\/wp\/v2\/posts\/5199\/revisions"}],"wp:featuredmedia":[{"embeddable":true,"href":"https:\/\/blog.syndicyourself.be\/fr\/wp-json\/wp\/v2\/media\/5568"}],"wp:attachment":[{"href":"https:\/\/blog.syndicyourself.be\/fr\/wp-json\/wp\/v2\/media?parent=5199"}],"wp:term":[{"taxonomy":"category","embeddable":true,"href":"https:\/\/blog.syndicyourself.be\/fr\/wp-json\/wp\/v2\/categories?post=5199"},{"taxonomy":"post_tag","embeddable":true,"href":"https:\/\/blog.syndicyourself.be\/fr\/wp-json\/wp\/v2\/tags?post=5199"}],"curies":[{"name":"wp","href":"https:\/\/api.w.org\/{rel}","templated":true}]}}