{"id":3705,"date":"2022-02-02T14:46:15","date_gmt":"2022-02-02T13:46:15","guid":{"rendered":"https:\/\/blog.syndicyourself.be\/actualites\/https-blog-syndic4you-be-nl-blog-organiseer-algemene-volledig-in-orde\/"},"modified":"2025-02-21T07:29:25","modified_gmt":"2025-02-21T06:29:25","slug":"organiseer-algemene-volledig-in-orde","status":"publish","type":"post","link":"https:\/\/blog.syndicyourself.be\/nl\/blog\/organiseer-algemene-volledig-in-orde\/","title":{"rendered":"Hoe organiseer je een algemene vergadering die volledig in orde is?"},"content":{"rendered":"<p style=\"text-align: justify\">Als vrijwillige syndicus wilt u uw taak met succes uitvoeren. <strong>Uw algemene vergadering volledig volgens de regels uitvoeren<\/strong> is van cruciaal belang voor een goede werking van de mede-eigendom. Syndic Yourself legt alles uit wat u dient te weten om uw algemene vergadering voor te bereiden.<\/p>\n<p><!--more--><\/p>\n<hr \/>\n<div class=\"box\" style=\"max-width: 100%;width: 100%;margin-left: auto;margin-right: auto\" data-hs-responsive-table=\"true\">\n<table style=\"width: 100%;margin-left: auto;margin-right: auto;border-collapse: collapse;border: 1px solid #99acc2\">\n<tbody>\n<tr>\n<td style=\"width: 100%;padding: 4px;border: 1px solid #5C73F2\">\n<p style=\"text-align: justify\"><a href=\"#H2.1\" rel=\"noopener\"><strong><u>Wat is een algemene vergadering<\/u><\/strong><\/a><\/p>\n<p style=\"text-align: justify;padding-left: 40px\"><span style=\"font-size: 18px;color: #444444\"><a href=\"#H3.1.1\" rel=\"noopener\"><strong><u>Wie woont de AV bij?<\/u><\/strong><\/a><\/span><\/p>\n<p style=\"text-align: justify;padding-left: 40px\"><a href=\"#H3.1.2\" rel=\"noopener\"><strong><u><span style=\"font-size: 18px\">Wat zijn de verschillende soorten van AV?<\/span><\/u><\/strong><\/a><\/p>\n<p style=\"text-align: justify;font-size: 20px\"><a href=\"#H2.2\" rel=\"noopener\"><strong><u>De belangrijkste onderdelen van een algemene vergadering<\/u><\/strong><\/a><\/p>\n<p style=\"text-align: justify;padding-left: 40px;font-size: 18px\"><a href=\"#H3.2.1\" rel=\"noopener\"><strong><u>De belangrijkste onderdelen van een algemene vergadering<\/u><\/strong><\/a><\/p>\n<p style=\"text-align: justify;padding-left: 40px;font-size: 18px\"><a href=\"#H3.2.2\" rel=\"noopener\"><strong><u>Het oproepen van de AV<\/u><\/strong><\/a><\/p>\n<p style=\"text-align: justify;padding-left: 40px;font-size: 18px\"><a href=\"#H3.2.3\" rel=\"noopener\"><strong><u>De stemming<\/u><\/strong><\/a><\/p>\n<p style=\"text-align: justify;padding-left: 80px;line-height: 1;font-size: 17px\"><a href=\"#H4.2.1\" rel=\"noopener\"><strong><u>Besluiten genomen met volstrekte meerderheid<\/u><\/strong><\/a><\/p>\n<p style=\"text-align: justify;padding-left: 80px;line-height: 1;font-size: 17px\"><a href=\"#H4.2.2\" rel=\"noopener\"><strong><u>Besluiten met een 2\/3 meerderheid van stemmen<\/u><\/strong><\/a><\/p>\n<p style=\"text-align: justify;padding-left: 80px;line-height: 1;font-size: 17px\"><a href=\"#H4.2.3\" rel=\"noopener\"><strong><u>Besluiten met een 4\/5 meerderheid van stemmen<\/u><\/strong><\/a><\/p>\n<p style=\"text-align: justify;padding-left: 80px;line-height: 1;font-size: 17px\"><a href=\"#H4.2.4\" rel=\"noopener\"><strong><u>Besluiten genomen met eenparigheid van stemmen<\/u><\/strong><\/a><\/p>\n<p style=\"text-align: justify;padding-left: 80px;line-height: 1;font-size: 17px\"><a href=\"#H4.2.5\" rel=\"noopener\"><strong><u>Volmacht in geval van afwezigheid<\/u><\/strong><\/a><\/p>\n<p style=\"text-align: justify;padding-left: 40px;font-size: 18px\"><a href=\"#H3.2.4\" rel=\"noopener\"><strong><u>Versturen van de notulen<\/u><\/strong><\/a><\/p>\n<\/td>\n<\/tr>\n<\/tbody>\n<\/table>\n<p>&nbsp;<\/p>\n<p><strong style=\"color: #230a59;font-family: raisonne-demibold;font-size: 30px;text-align: justify;background-color: transparent\"><br \/>\nWat is een algemene vergadering<\/strong><\/p>\n<p>&nbsp;<\/p>\n<h3 style=\"font-size: 24px;padding-left: 40px\"><strong>Wie woont de AV bij?<\/strong><\/h3>\n<\/div>\n<p style=\"text-align: justify\">De algemene vergadering van een VME, vaak afgekort tot AV, is een vergadering die alle mede-eigenaars van een gebouw bijeenbrengt. Het maakt het <strong>mogelijk beslissingen te nemen over het beheer van de mede-eigendom.<\/strong><\/p>\n<p style=\"text-align: justify\">De volgende personen zijn aanwezig\u00a0:<\/p>\n<ul>\n<li style=\"text-align: justify\">De eigenaars, inclusief de voorzitter van de vergadering<\/li>\n<li style=\"text-align: justify\">De syndicus<\/li>\n<li style=\"text-align: justify\">De raad van mede-eigendom, die de syndicus bijstaat en toezicht houdt op het beheer<\/li>\n<li style=\"text-align: justify\">De rekencommissaris, die de door de syndicus gevoerde boekhouding controleert<\/li>\n<\/ul>\n<p style=\"text-align: justify\">Huurders en buitenstaanders zijn uitgesloten. Het is belangrijk dat elke mede-eigenaar aanwezig is om zijn mening te geven.<\/p>\n<p>&nbsp;<\/p>\n<h3 style=\"text-align: justify;font-size: 24px;padding-left: 40px\"><span style=\"color: #230a59\"><strong>Wat zijn de verschillende soorten van AV?<\/strong><\/span><\/h3>\n<p style=\"text-align: justify\">Er zijn twee soorten van algemene vergaderingen in een mede-eigendom:<\/p>\n<ul>\n<li style=\"text-align: justify\"><strong>De gewone algemene vergadering, AV, <\/strong>die \u00e9\u00e9n keer per jaar plaatsvindt op initiatief van de syndicus, overeenkomstig met de statuten<\/li>\n<li style=\"text-align: justify\"><strong>De buitengewone algemene vergadering, BV, <\/strong>die wordt bijeengeroepen op verzoek van de mede-eigenaars om snel beslissingen te nemen die niet kunnen wachten op de AV<\/li>\n<\/ul>\n<p style=\"text-align: justify\">De gewone algemene vergadering moet worden gehouden binnen een <strong>termijn van 15 dagen per jaar<\/strong>, overeenkomstig het reglement van mede-eigendom. Alleen in geval van een uitzonderlijke reden kan deze periode veranderen.<\/p>\n<p style=\"text-align: justify\">{{cta(&#8216;7c083f43-4704-4f28-8d01-86febc2afa96&#8217;)}}<\/p>\n<p>&nbsp;<\/p>\n<h2 style=\"text-align: justify;font-size: 30px\"><span style=\"color: #230a59\"><strong>De belangrijkste onderdelen van een algemene vergadering<\/strong><\/span><\/h2>\n<p style=\"text-align: justify\"><strong style=\"color: #444444;background-color: transparent\"><br \/>\nDe organisatie van de algemene vergadering verloopt volgens een strikte procedure<\/strong><span style=\"color: #444444;background-color: transparent\"> die de syndicus moet kennen. Er zijn vier belangrijke stappen om ervoor te zorgen dat de algemene vergadering 100% in orde is.<\/span><\/p>\n<p>&nbsp;<\/p>\n<h3 style=\"padding-left: 40px;font-size: 24px;text-align: left\"><span style=\"color: #230a59\"><strong>De belangrijkste onderdelen van een algemene vergadering<\/strong><\/span><\/h3>\n<p style=\"text-align: justify\">Voor elke AV wordt door de syndicus <strong>een agenda<\/strong> opgesteld. Het is noodzakelijk de vergadering toe te spitsen op specifieke en belangrijke onderwerpen die moeten worden besproken.<\/p>\n<p style=\"text-align: justify\">De agenda voorkomt dat discussies afdwalen naar bijzaken en dat belangrijke besluiten worden uitgesteld. Daardoor wordt ook <strong>de duur van de algemene vergadering aanzienlijk beperkt<\/strong>!<\/p>\n<p style=\"text-align: justify\">Volgens de Belgische wet op de mede-eigendom <strong>moet de agenda de volgende punten bevatten<\/strong>:<\/p>\n<ul>\n<li style=\"text-align: justify\">Het evaluatieverslag van de contracten van leveranciers (artikel 3.89, \u00a7 5, 12\u00b0)<\/li>\n<li style=\"text-align: justify\">Een punt betreffende de goedkeuring van de voorlopige begroting voor lopende kosten en te voorziene buitengewone uitgaven (artikel 3.89, \u00a7 5, 16\u00b0)<\/li>\n<li style=\"text-align: justify\">Items ingediend door een of meerdere mede-eigenaars of de raad. Deze punten moeten ten minste drie weken v\u00f3\u00f3r de periode waarin de algemene vergadering zal plaatsvinden, aan de syndicus worden toegezonden (artikel 3.87, \u00a7 3, lid 1)<\/li>\n<\/ul>\n<p>&nbsp;<\/p>\n<h3 style=\"text-align: justify;font-size: 24px;padding-left: 40px\"><span style=\"color: #230a59\"><strong>Het oproepen van de AV<\/strong><\/span><\/h3>\n<p style=\"text-align: justify\">De syndicus moet de <strong>AV samenroepen per aangetekende brief en deze naar iedere eigenaar opsturen<\/strong>. Degene mag slechts een ander communicatiemiddel gebruiken indien de betreffende eigenaar daar uitdrukkelijk en schriftelijk toestemming voor heeft gegeven.<\/p>\n<p style=\"text-align: justify\">De oproeping tot de algemene vergadering moet volgende punten bevatten:<\/p>\n<ul>\n<li style=\"text-align: justify\">De agenda<\/li>\n<li style=\"text-align: justify\">De datum en het tijdstip van de vergadering<\/li>\n<li style=\"text-align: justify\">Het adres waar de AV zal gehouden worden<\/li>\n<\/ul>\n<p style=\"text-align: justify\">Tenzij anders vermeld in het reglement van mede-eigendom, moeten <strong>tussen de aangetekende verzending en het moment van de AV ten minste 15 dagen liggen<\/strong>. Het is echter niet nodig deze uitnodiging maanden van tevoren toe te zenden, omdat dan de agenda onvolledig zou zijn en de vergadering zou kunnen worden vergeten.<\/p>\n<p>&nbsp;<\/p>\n<h3 style=\"text-align: justify;font-size: 24px;padding-left: 40px\"><span style=\"color: #230a59\"><strong>De stemming<\/strong><\/span><\/h3>\n<p style=\"text-align: justify\">Opdat een besluit op een algemene vergadering geldig zou worden verklaard, moet het <strong>ter stemming worden voorgelegd aan alle mede-eigenaars<\/strong>.<\/p>\n<p style=\"text-align: justify\">Niet alle onderwerpen worden op dezelfde manier behandeld en de meerderheden vari\u00ebren naar gelang\u00a0:<\/p>\n<ul>\n<li style=\"text-align: justify\">Het behandelde onderwerp<\/li>\n<li style=\"text-align: justify\">Het belang voor de werking van de mede-eigendom<\/li>\n<li style=\"text-align: justify\">De budgettaire impact op de rekeningen van de mede-eigendom<\/li>\n<\/ul>\n<p style=\"text-align: justify\">U moet ook weten dat de stem van een mede-eigenaar overeenkomt met een variabel aantal stemmen naargelang het aandeel in de gemeenschappelijke delen.<\/p>\n<p>&nbsp;<\/p>\n<h4 style=\"text-align: justify;font-size: 24px;padding-left: 80px\"><strong><u>Besluiten genomen met volstrekte meerderheid<\/u><\/strong><\/h4>\n<p style=\"text-align: justify\">De absolute meerderheid komt overeen met de helft van de stemmen +1. <strong>Deze vereiste is vooral voor lopende beslissingen inzake de mede-eigendom.<\/strong><\/p>\n<p>&nbsp;<\/p>\n<h4 style=\"text-align: justify;font-size: 24px;padding-left: 80px\"><strong><u>Besluiten met een 2\/3 meerderheid van stemmen<\/u><\/strong><\/h4>\n<p style=\"text-align: justify\">Een 4\/5 meerderheid is vereist voor :<\/p>\n<ul>\n<li style=\"text-align: justify\"><strong>Verbouwing<\/strong> of grote werken in het gebouw<\/li>\n<li style=\"text-align: justify\">Wijziging van de <strong>verdeelsleutel<\/strong> van de provisies binnen de mede-eigendom<\/li>\n<li style=\"text-align: justify\">Wijziging van <strong>de statuten<\/strong> betreffende de gemeenschappelijke delen<\/li>\n<li>Wijziging van <strong>de statuten<\/strong> betreffende de gemeenschappelijke delen<\/li>\n<\/ul>\n<p>&nbsp;<\/p>\n<h4 style=\"text-align: justify;padding-left: 80px;font-size: 24px\"><strong><u>Besluiten met een 4\/5 meerderheid van stemmen<\/u><\/strong><\/h4>\n<p style=\"text-align: justify\">Een 4\/5 meerderheid is vereist voor :<\/p>\n<ul>\n<li style=\"text-align: justify\"><strong>Verbouwing<\/strong> of grote werken in het gebouw<\/li>\n<li style=\"text-align: justify\">Wijziging van de <strong>verdeelsleutel<\/strong> van de provisies binnen de mede-eigendom<\/li>\n<\/ul>\n<p>&nbsp;<\/p>\n<h4 style=\"text-align: justify;font-size: 24px;padding-left: 80px\"><strong><u>Besluiten genomen met eenparigheid van stemmen<\/u><\/strong><\/h4>\n<p style=\"text-align: justify\">Unanieme besluiten betreffen de volledige <strong>wederopbouw van een na een ramp verwoest gebouw<\/strong> of de <strong>wijziging van de aandelen<\/strong> van mede-eigendom.<\/p>\n<p>&nbsp;<\/p>\n<h4 style=\"text-align: justify;padding-left: 80px;font-size: 24px\"><strong><u>Volmacht in geval van afwezigheid<\/u><\/strong><\/h4>\n<p style=\"text-align: justify\">In geval van afwezigheid tijdens een stemming, <strong>kan een eigenaar zich laten vertegenwoordigen door een gevolmachtigde <\/strong>aan wie hij\/zij een volledige of gedeeltelijke volmacht verleent.<\/p>\n<p style=\"text-align: justify\">Deze gevolmachtigde kan zijn :<\/p>\n<ul>\n<li style=\"text-align: justify\">Een andere mede-eigenaar<\/li>\n<li style=\"text-align: justify\">Een persoon die geen mede-eigenaar is binnen de VME<\/li>\n<\/ul>\n<p style=\"text-align: justify\">De syndicus mag nooit een mede-eigenaar vertegenwoordigen, aangezien dit een belangenconflict zou zijn.<\/p>\n<p>&nbsp;<\/p>\n<h3 style=\"text-align: justify;padding-left: 40px;font-size: 24px\"><span style=\"color: #230a59\"><strong>Versturen van de notulen<\/strong><\/span><\/h3>\n<p style=\"text-align: justify\">Aan het eind van de algemene vergadering worden <strong>de notulen opgesteld waarin alle tijdens de vergadering genomen besluiten worden samengevat.<\/strong><\/p>\n<p style=\"text-align: justify\">Het vermeldt de meerderheden die bij de stemmingen werden behaald en de namen van de eigenaars die tegenstemden of zich van stemming onthielden.<\/p>\n<p style=\"text-align: justify\">De notulen worden ondertekend door\u00a0:<\/p>\n<ul>\n<li style=\"text-align: justify\">De voorzitter van de AV<\/li>\n<li style=\"text-align: justify\">De aangewezen secretaris<\/li>\n<li style=\"text-align: justify\">Alle aanwezigen en gevolmachtigden<\/li>\n<\/ul>\n<p style=\"text-align: justify\"><strong>De syndicus stuurt dit door naar alle mede-eigenaars<\/strong> <strong>binnen 30 dagen na de AV.<\/strong><\/p>\n<hr \/>\n<p style=\"text-align: justify\"><img decoding=\"async\" style=\"width: 316px;float: left;margin: 0px 20px 0px 0px\" src=\"https:\/\/blog.syndicyourself.be\/wp-content\/uploads\/sites\/3\/2022\/11\/NL-15min-1-160.png\" alt=\"(NL) 15min-1\" width=\"316\" \/><span style=\"font-size: 20px\"><a href=\"https:\/\/landing.syndic4you.be\/nl\/gratis-proefperiode\" rel=\"noopener\">Het Syndic Yourself platform<\/a> biedt een digitale oplossing aan voor uw AV die de vier stappen van het organiseren van een algemene vergadering automatiseert. Als vrijwillige syndicus kunt u <strong>met een paar muisklikken een algemene vergadering organiseren die 100% in orde is<\/strong>. <\/span><\/p>\n<p style=\"text-align: justify\">U bespaart hiermee niet alleen kostbare tijd, maar krijgt gegarandeerd ook tevreden mede-eigenaars!<\/p>\n","protected":false},"excerpt":{"rendered":"<p>Het houden van een algemene vergadering vereist dat er een aantal essenti\u00eble stappen worden genomen. Syndic Yourself begeleidt u bij de organisatie van een goede algemene vergadering.<\/p>\n","protected":false},"author":1,"featured_media":5554,"comment_status":"closed","ping_status":"open","sticky":false,"template":"","format":"standard","meta":{"_acf_changed":false,"footnotes":""},"categories":[53],"tags":[],"class_list":["post-3705","post","type-post","status-publish","format-standard","has-post-thumbnail","hentry","category-blog"],"acf":[],"yoast_head":"<!-- This site is optimized with the Yoast SEO plugin v27.4 - https:\/\/yoast.com\/product\/yoast-seo-wordpress\/ -->\n<title>Hoe organiseer je een algemene vergadering die volledig in orde is<\/title>\n<meta name=\"description\" content=\"Syndic Yourself begeleidt u bij de organisatie van een goede algemene vergadering. Vraag een gratis offerte aan !\" \/>\n<meta name=\"robots\" content=\"index, follow, max-snippet:-1, max-image-preview:large, max-video-preview:-1\" \/>\n<link rel=\"canonical\" href=\"https:\/\/blog.syndicyourself.be\/nl\/blog\/organiseer-algemene-volledig-in-orde\/\" \/>\n<meta property=\"og:locale\" content=\"nl_BE\" \/>\n<meta property=\"og:type\" content=\"article\" \/>\n<meta property=\"og:title\" content=\"Hoe organiseer je een algemene vergadering die volledig in orde is\" \/>\n<meta property=\"og:description\" content=\"Syndic Yourself begeleidt u bij de organisatie van een goede algemene vergadering. Vraag een gratis offerte aan !\" \/>\n<meta property=\"og:url\" content=\"https:\/\/blog.syndicyourself.be\/nl\/blog\/organiseer-algemene-volledig-in-orde\/\" \/>\n<meta property=\"og:site_name\" content=\"Blog Syndic Yourself\" \/>\n<meta property=\"article:published_time\" content=\"2022-02-02T13:46:15+00:00\" \/>\n<meta property=\"article:modified_time\" content=\"2025-02-21T06:29:25+00:00\" \/>\n<meta property=\"og:image\" content=\"https:\/\/blog.syndicyourself.be\/wp-content\/uploads\/sites\/3\/2022\/02\/organiser-assemblee-generale.jpg\" \/>\n\t<meta property=\"og:image:width\" content=\"1280\" \/>\n\t<meta property=\"og:image:height\" content=\"960\" \/>\n\t<meta property=\"og:image:type\" content=\"image\/jpeg\" \/>\n<meta name=\"author\" content=\"cecilehabran\" \/>\n<meta name=\"twitter:card\" content=\"summary_large_image\" \/>\n<meta name=\"twitter:label1\" content=\"Geschreven door\" \/>\n\t<meta name=\"twitter:data1\" content=\"cecilehabran\" \/>\n\t<meta name=\"twitter:label2\" content=\"Geschatte leestijd\" \/>\n\t<meta name=\"twitter:data2\" content=\"6 minuten\" \/>\n<script type=\"application\/ld+json\" class=\"yoast-schema-graph\">{\"@context\":\"https:\\\/\\\/schema.org\",\"@graph\":[{\"@type\":\"Article\",\"@id\":\"https:\\\/\\\/blog.syndicyourself.be\\\/nl\\\/blog\\\/organiseer-algemene-volledig-in-orde\\\/#article\",\"isPartOf\":{\"@id\":\"https:\\\/\\\/blog.syndicyourself.be\\\/nl\\\/blog\\\/organiseer-algemene-volledig-in-orde\\\/\"},\"author\":{\"name\":\"cecilehabran\",\"@id\":\"https:\\\/\\\/blog.syndicyourself.be\\\/nl\\\/#\\\/schema\\\/person\\\/832bcb6ca9adfbd8c62e8c85cff7ecb7\"},\"headline\":\"Hoe organiseer je een algemene vergadering die volledig in orde is?\",\"datePublished\":\"2022-02-02T13:46:15+00:00\",\"dateModified\":\"2025-02-21T06:29:25+00:00\",\"mainEntityOfPage\":{\"@id\":\"https:\\\/\\\/blog.syndicyourself.be\\\/nl\\\/blog\\\/organiseer-algemene-volledig-in-orde\\\/\"},\"wordCount\":1028,\"image\":{\"@id\":\"https:\\\/\\\/blog.syndicyourself.be\\\/nl\\\/blog\\\/organiseer-algemene-volledig-in-orde\\\/#primaryimage\"},\"thumbnailUrl\":\"https:\\\/\\\/blog.syndicyourself.be\\\/wp-content\\\/uploads\\\/sites\\\/3\\\/2022\\\/02\\\/organiser-assemblee-generale.jpg\",\"articleSection\":[\"Blog\"],\"inLanguage\":\"nl-BE\"},{\"@type\":\"WebPage\",\"@id\":\"https:\\\/\\\/blog.syndicyourself.be\\\/nl\\\/blog\\\/organiseer-algemene-volledig-in-orde\\\/\",\"url\":\"https:\\\/\\\/blog.syndicyourself.be\\\/nl\\\/blog\\\/organiseer-algemene-volledig-in-orde\\\/\",\"name\":\"Hoe organiseer je een algemene vergadering die volledig in orde is\",\"isPartOf\":{\"@id\":\"https:\\\/\\\/blog.syndicyourself.be\\\/nl\\\/#website\"},\"primaryImageOfPage\":{\"@id\":\"https:\\\/\\\/blog.syndicyourself.be\\\/nl\\\/blog\\\/organiseer-algemene-volledig-in-orde\\\/#primaryimage\"},\"image\":{\"@id\":\"https:\\\/\\\/blog.syndicyourself.be\\\/nl\\\/blog\\\/organiseer-algemene-volledig-in-orde\\\/#primaryimage\"},\"thumbnailUrl\":\"https:\\\/\\\/blog.syndicyourself.be\\\/wp-content\\\/uploads\\\/sites\\\/3\\\/2022\\\/02\\\/organiser-assemblee-generale.jpg\",\"datePublished\":\"2022-02-02T13:46:15+00:00\",\"dateModified\":\"2025-02-21T06:29:25+00:00\",\"author\":{\"@id\":\"https:\\\/\\\/blog.syndicyourself.be\\\/nl\\\/#\\\/schema\\\/person\\\/832bcb6ca9adfbd8c62e8c85cff7ecb7\"},\"description\":\"Syndic Yourself begeleidt u bij de organisatie van een goede algemene vergadering. Vraag een gratis offerte aan !\",\"breadcrumb\":{\"@id\":\"https:\\\/\\\/blog.syndicyourself.be\\\/nl\\\/blog\\\/organiseer-algemene-volledig-in-orde\\\/#breadcrumb\"},\"inLanguage\":\"nl-BE\",\"potentialAction\":[{\"@type\":\"ReadAction\",\"target\":[\"https:\\\/\\\/blog.syndicyourself.be\\\/nl\\\/blog\\\/organiseer-algemene-volledig-in-orde\\\/\"]}]},{\"@type\":\"ImageObject\",\"inLanguage\":\"nl-BE\",\"@id\":\"https:\\\/\\\/blog.syndicyourself.be\\\/nl\\\/blog\\\/organiseer-algemene-volledig-in-orde\\\/#primaryimage\",\"url\":\"https:\\\/\\\/blog.syndicyourself.be\\\/wp-content\\\/uploads\\\/sites\\\/3\\\/2022\\\/02\\\/organiser-assemblee-generale.jpg\",\"contentUrl\":\"https:\\\/\\\/blog.syndicyourself.be\\\/wp-content\\\/uploads\\\/sites\\\/3\\\/2022\\\/02\\\/organiser-assemblee-generale.jpg\",\"width\":1280,\"height\":960,\"caption\":\"Organiser une assembl\u00e9e g\u00e9n\u00e9rale 100% en r\u00e8gle\"},{\"@type\":\"BreadcrumbList\",\"@id\":\"https:\\\/\\\/blog.syndicyourself.be\\\/nl\\\/blog\\\/organiseer-algemene-volledig-in-orde\\\/#breadcrumb\",\"itemListElement\":[{\"@type\":\"ListItem\",\"position\":1,\"name\":\"Home\",\"item\":\"https:\\\/\\\/blog.syndicyourself.be\\\/nl\\\/\"},{\"@type\":\"ListItem\",\"position\":2,\"name\":\"Hoe organiseer je een algemene vergadering die volledig in orde is?\"}]},{\"@type\":\"WebSite\",\"@id\":\"https:\\\/\\\/blog.syndicyourself.be\\\/nl\\\/#website\",\"url\":\"https:\\\/\\\/blog.syndicyourself.be\\\/nl\\\/\",\"name\":\"Blog Syndic Yourself\",\"description\":\"Tout savoir sur le monde de la copropri\u00e9t\u00e9\",\"potentialAction\":[{\"@type\":\"SearchAction\",\"target\":{\"@type\":\"EntryPoint\",\"urlTemplate\":\"https:\\\/\\\/blog.syndicyourself.be\\\/nl\\\/?s={search_term_string}\"},\"query-input\":{\"@type\":\"PropertyValueSpecification\",\"valueRequired\":true,\"valueName\":\"search_term_string\"}}],\"inLanguage\":\"nl-BE\"},{\"@type\":\"Person\",\"@id\":\"https:\\\/\\\/blog.syndicyourself.be\\\/nl\\\/#\\\/schema\\\/person\\\/832bcb6ca9adfbd8c62e8c85cff7ecb7\",\"name\":\"cecilehabran\",\"image\":{\"@type\":\"ImageObject\",\"inLanguage\":\"nl-BE\",\"@id\":\"https:\\\/\\\/secure.gravatar.com\\\/avatar\\\/186d8a5df78c0a357b104c2aefcca9dd3a3ca3a020f168cef58febbbe0e9f90f?s=96&d=mm&r=g\",\"url\":\"https:\\\/\\\/secure.gravatar.com\\\/avatar\\\/186d8a5df78c0a357b104c2aefcca9dd3a3ca3a020f168cef58febbbe0e9f90f?s=96&d=mm&r=g\",\"contentUrl\":\"https:\\\/\\\/secure.gravatar.com\\\/avatar\\\/186d8a5df78c0a357b104c2aefcca9dd3a3ca3a020f168cef58febbbe0e9f90f?s=96&d=mm&r=g\",\"caption\":\"cecilehabran\"},\"sameAs\":[\"https:\\\/\\\/syndicyourself.be\"]}]}<\/script>\n<!-- \/ Yoast SEO plugin. -->","yoast_head_json":{"title":"Hoe organiseer je een algemene vergadering die volledig in orde is","description":"Syndic Yourself begeleidt u bij de organisatie van een goede algemene vergadering. Vraag een gratis offerte aan !","robots":{"index":"index","follow":"follow","max-snippet":"max-snippet:-1","max-image-preview":"max-image-preview:large","max-video-preview":"max-video-preview:-1"},"canonical":"https:\/\/blog.syndicyourself.be\/nl\/blog\/organiseer-algemene-volledig-in-orde\/","og_locale":"nl_BE","og_type":"article","og_title":"Hoe organiseer je een algemene vergadering die volledig in orde is","og_description":"Syndic Yourself begeleidt u bij de organisatie van een goede algemene vergadering. Vraag een gratis offerte aan !","og_url":"https:\/\/blog.syndicyourself.be\/nl\/blog\/organiseer-algemene-volledig-in-orde\/","og_site_name":"Blog Syndic Yourself","article_published_time":"2022-02-02T13:46:15+00:00","article_modified_time":"2025-02-21T06:29:25+00:00","og_image":[{"width":1280,"height":960,"url":"https:\/\/blog.syndicyourself.be\/wp-content\/uploads\/sites\/3\/2022\/02\/organiser-assemblee-generale.jpg","type":"image\/jpeg"}],"author":"cecilehabran","twitter_card":"summary_large_image","twitter_misc":{"Geschreven door":"cecilehabran","Geschatte leestijd":"6 minuten"},"schema":{"@context":"https:\/\/schema.org","@graph":[{"@type":"Article","@id":"https:\/\/blog.syndicyourself.be\/nl\/blog\/organiseer-algemene-volledig-in-orde\/#article","isPartOf":{"@id":"https:\/\/blog.syndicyourself.be\/nl\/blog\/organiseer-algemene-volledig-in-orde\/"},"author":{"name":"cecilehabran","@id":"https:\/\/blog.syndicyourself.be\/nl\/#\/schema\/person\/832bcb6ca9adfbd8c62e8c85cff7ecb7"},"headline":"Hoe organiseer je een algemene vergadering die volledig in orde is?","datePublished":"2022-02-02T13:46:15+00:00","dateModified":"2025-02-21T06:29:25+00:00","mainEntityOfPage":{"@id":"https:\/\/blog.syndicyourself.be\/nl\/blog\/organiseer-algemene-volledig-in-orde\/"},"wordCount":1028,"image":{"@id":"https:\/\/blog.syndicyourself.be\/nl\/blog\/organiseer-algemene-volledig-in-orde\/#primaryimage"},"thumbnailUrl":"https:\/\/blog.syndicyourself.be\/wp-content\/uploads\/sites\/3\/2022\/02\/organiser-assemblee-generale.jpg","articleSection":["Blog"],"inLanguage":"nl-BE"},{"@type":"WebPage","@id":"https:\/\/blog.syndicyourself.be\/nl\/blog\/organiseer-algemene-volledig-in-orde\/","url":"https:\/\/blog.syndicyourself.be\/nl\/blog\/organiseer-algemene-volledig-in-orde\/","name":"Hoe organiseer je een algemene vergadering die volledig in orde is","isPartOf":{"@id":"https:\/\/blog.syndicyourself.be\/nl\/#website"},"primaryImageOfPage":{"@id":"https:\/\/blog.syndicyourself.be\/nl\/blog\/organiseer-algemene-volledig-in-orde\/#primaryimage"},"image":{"@id":"https:\/\/blog.syndicyourself.be\/nl\/blog\/organiseer-algemene-volledig-in-orde\/#primaryimage"},"thumbnailUrl":"https:\/\/blog.syndicyourself.be\/wp-content\/uploads\/sites\/3\/2022\/02\/organiser-assemblee-generale.jpg","datePublished":"2022-02-02T13:46:15+00:00","dateModified":"2025-02-21T06:29:25+00:00","author":{"@id":"https:\/\/blog.syndicyourself.be\/nl\/#\/schema\/person\/832bcb6ca9adfbd8c62e8c85cff7ecb7"},"description":"Syndic Yourself begeleidt u bij de organisatie van een goede algemene vergadering. Vraag een gratis offerte aan !","breadcrumb":{"@id":"https:\/\/blog.syndicyourself.be\/nl\/blog\/organiseer-algemene-volledig-in-orde\/#breadcrumb"},"inLanguage":"nl-BE","potentialAction":[{"@type":"ReadAction","target":["https:\/\/blog.syndicyourself.be\/nl\/blog\/organiseer-algemene-volledig-in-orde\/"]}]},{"@type":"ImageObject","inLanguage":"nl-BE","@id":"https:\/\/blog.syndicyourself.be\/nl\/blog\/organiseer-algemene-volledig-in-orde\/#primaryimage","url":"https:\/\/blog.syndicyourself.be\/wp-content\/uploads\/sites\/3\/2022\/02\/organiser-assemblee-generale.jpg","contentUrl":"https:\/\/blog.syndicyourself.be\/wp-content\/uploads\/sites\/3\/2022\/02\/organiser-assemblee-generale.jpg","width":1280,"height":960,"caption":"Organiser une assembl\u00e9e g\u00e9n\u00e9rale 100% en r\u00e8gle"},{"@type":"BreadcrumbList","@id":"https:\/\/blog.syndicyourself.be\/nl\/blog\/organiseer-algemene-volledig-in-orde\/#breadcrumb","itemListElement":[{"@type":"ListItem","position":1,"name":"Home","item":"https:\/\/blog.syndicyourself.be\/nl\/"},{"@type":"ListItem","position":2,"name":"Hoe organiseer je een algemene vergadering die volledig in orde is?"}]},{"@type":"WebSite","@id":"https:\/\/blog.syndicyourself.be\/nl\/#website","url":"https:\/\/blog.syndicyourself.be\/nl\/","name":"Blog Syndic Yourself","description":"Tout savoir sur le monde de la copropri\u00e9t\u00e9","potentialAction":[{"@type":"SearchAction","target":{"@type":"EntryPoint","urlTemplate":"https:\/\/blog.syndicyourself.be\/nl\/?s={search_term_string}"},"query-input":{"@type":"PropertyValueSpecification","valueRequired":true,"valueName":"search_term_string"}}],"inLanguage":"nl-BE"},{"@type":"Person","@id":"https:\/\/blog.syndicyourself.be\/nl\/#\/schema\/person\/832bcb6ca9adfbd8c62e8c85cff7ecb7","name":"cecilehabran","image":{"@type":"ImageObject","inLanguage":"nl-BE","@id":"https:\/\/secure.gravatar.com\/avatar\/186d8a5df78c0a357b104c2aefcca9dd3a3ca3a020f168cef58febbbe0e9f90f?s=96&d=mm&r=g","url":"https:\/\/secure.gravatar.com\/avatar\/186d8a5df78c0a357b104c2aefcca9dd3a3ca3a020f168cef58febbbe0e9f90f?s=96&d=mm&r=g","contentUrl":"https:\/\/secure.gravatar.com\/avatar\/186d8a5df78c0a357b104c2aefcca9dd3a3ca3a020f168cef58febbbe0e9f90f?s=96&d=mm&r=g","caption":"cecilehabran"},"sameAs":["https:\/\/syndicyourself.be"]}]}},"_links":{"self":[{"href":"https:\/\/blog.syndicyourself.be\/nl\/wp-json\/wp\/v2\/posts\/3705","targetHints":{"allow":["GET"]}}],"collection":[{"href":"https:\/\/blog.syndicyourself.be\/nl\/wp-json\/wp\/v2\/posts"}],"about":[{"href":"https:\/\/blog.syndicyourself.be\/nl\/wp-json\/wp\/v2\/types\/post"}],"author":[{"embeddable":true,"href":"https:\/\/blog.syndicyourself.be\/nl\/wp-json\/wp\/v2\/users\/1"}],"replies":[{"embeddable":true,"href":"https:\/\/blog.syndicyourself.be\/nl\/wp-json\/wp\/v2\/comments?post=3705"}],"version-history":[{"count":0,"href":"https:\/\/blog.syndicyourself.be\/nl\/wp-json\/wp\/v2\/posts\/3705\/revisions"}],"wp:featuredmedia":[{"embeddable":true,"href":"https:\/\/blog.syndicyourself.be\/nl\/wp-json\/wp\/v2\/media\/5554"}],"wp:attachment":[{"href":"https:\/\/blog.syndicyourself.be\/nl\/wp-json\/wp\/v2\/media?parent=3705"}],"wp:term":[{"taxonomy":"category","embeddable":true,"href":"https:\/\/blog.syndicyourself.be\/nl\/wp-json\/wp\/v2\/categories?post=3705"},{"taxonomy":"post_tag","embeddable":true,"href":"https:\/\/blog.syndicyourself.be\/nl\/wp-json\/wp\/v2\/tags?post=3705"}],"curies":[{"name":"wp","href":"https:\/\/api.w.org\/{rel}","templated":true}]}}